{"id":86,"date":"2025-11-22T16:55:00","date_gmt":"2025-11-22T15:55:00","guid":{"rendered":"https:\/\/psutw.piekary.pl\/?p=86"},"modified":"2026-02-18T16:55:30","modified_gmt":"2026-02-18T15:55:30","slug":"posiedzenie-sprawozdawczo-wyborcze","status":"publish","type":"post","link":"https:\/\/psutw.piekary.pl\/index.php\/2025\/11\/22\/posiedzenie-sprawozdawczo-wyborcze\/","title":{"rendered":"Posiedzenie sprawozdawczo wyborcze"},"content":{"rendered":"\n<p>Dnia 21 listopada br. w Urz\u0119dzie Wojew\u00f3dzkim w Katowicach odby\u0142o si\u0119 posiedzenie sprawozdawczo wyborcze \u015al\u0105skiej Delegatury Obywatelskiego Parlamentu Senior\u00f3w na lata 2025 \u2013 2028, w kt\u00f3rym uczestniczy\u0142am.<\/p>\n\n\n\n<p>Swoj\u0105 obecno\u015bci\u0105 zaszczycili nas wicewojewoda Adam Zaczkowski, II wojewoda Micha\u0142 Kopa\u0144ski, wiceprezes Sejmiku Woj. Alina Bednarz, pe\u0142nomocnik ds. Polityki Senioralnej Anna Ja\u015bkowska, asystent pose\u0142 Ewy Ko\u0142odziej Aleksander Piwowarski oraz wszyscy delegaci na V Kadencj\u0119. Zatwierdzone zosta\u0142o sprawozdanie z dzia\u0142alno\u015bci oraz przyj\u0119ty zosta\u0142 sk\u0142ad Prezydium Delegatury.<\/p>\n\n\n\n<p>Prezes PS UTW<\/p>\n\n\n\n<p>Krystyna Golis<\/p>\n\n\n\n<figure class=\"wp-block-gallery has-nested-images columns-default is-cropped wp-block-gallery-1 is-layout-flex wp-block-gallery-is-layout-flex\">\n<figure class=\"wp-block-image size-large\"><img loading=\"lazy\" decoding=\"async\" width=\"1024\" height=\"768\" data-id=\"87\" src=\"https:\/\/psutw.piekary.pl\/wp-content\/uploads\/2026\/02\/587121757_1391973142929225_9075819483403934_n-1024x768.jpg\" alt=\"\" class=\"wp-image-87\" srcset=\"https:\/\/psutw.piekary.pl\/wp-content\/uploads\/2026\/02\/587121757_1391973142929225_9075819483403934_n-1024x768.jpg 1024w, https:\/\/psutw.piekary.pl\/wp-content\/uploads\/2026\/02\/587121757_1391973142929225_9075819483403934_n-300x225.jpg 300w, https:\/\/psutw.piekary.pl\/wp-content\/uploads\/2026\/02\/587121757_1391973142929225_9075819483403934_n-768x576.jpg 768w, https:\/\/psutw.piekary.pl\/wp-content\/uploads\/2026\/02\/587121757_1391973142929225_9075819483403934_n-1536x1152.jpg 1536w, https:\/\/psutw.piekary.pl\/wp-content\/uploads\/2026\/02\/587121757_1391973142929225_9075819483403934_n-660x495.jpg 660w, https:\/\/psutw.piekary.pl\/wp-content\/uploads\/2026\/02\/587121757_1391973142929225_9075819483403934_n.jpg 2000w\" sizes=\"auto, (max-width: 1024px) 100vw, 1024px\" \/><\/figure>\n\n\n\n<figure class=\"wp-block-image size-large\"><img loading=\"lazy\" decoding=\"async\" width=\"1024\" height=\"768\" data-id=\"88\" src=\"https:\/\/psutw.piekary.pl\/wp-content\/uploads\/2026\/02\/586319307_1391973206262552_141211158751655909_n-1024x768.jpg\" alt=\"\" class=\"wp-image-88\" srcset=\"https:\/\/psutw.piekary.pl\/wp-content\/uploads\/2026\/02\/586319307_1391973206262552_141211158751655909_n-1024x768.jpg 1024w, https:\/\/psutw.piekary.pl\/wp-content\/uploads\/2026\/02\/586319307_1391973206262552_141211158751655909_n-300x225.jpg 300w, https:\/\/psutw.piekary.pl\/wp-content\/uploads\/2026\/02\/586319307_1391973206262552_141211158751655909_n-768x576.jpg 768w, https:\/\/psutw.piekary.pl\/wp-content\/uploads\/2026\/02\/586319307_1391973206262552_141211158751655909_n-1536x1152.jpg 1536w, https:\/\/psutw.piekary.pl\/wp-content\/uploads\/2026\/02\/586319307_1391973206262552_141211158751655909_n-660x495.jpg 660w, https:\/\/psutw.piekary.pl\/wp-content\/uploads\/2026\/02\/586319307_1391973206262552_141211158751655909_n.jpg 2000w\" sizes=\"auto, (max-width: 1024px) 100vw, 1024px\" \/><\/figure>\n\n\n\n<figure class=\"wp-block-image size-large\"><img loading=\"lazy\" decoding=\"async\" width=\"1024\" height=\"768\" data-id=\"89\" src=\"https:\/\/psutw.piekary.pl\/wp-content\/uploads\/2026\/02\/586914162_1391973159595890_8601440040788455644_n-1024x768.jpg\" alt=\"\" class=\"wp-image-89\" srcset=\"https:\/\/psutw.piekary.pl\/wp-content\/uploads\/2026\/02\/586914162_1391973159595890_8601440040788455644_n-1024x768.jpg 1024w, https:\/\/psutw.piekary.pl\/wp-content\/uploads\/2026\/02\/586914162_1391973159595890_8601440040788455644_n-300x225.jpg 300w, https:\/\/psutw.piekary.pl\/wp-content\/uploads\/2026\/02\/586914162_1391973159595890_8601440040788455644_n-768x576.jpg 768w, https:\/\/psutw.piekary.pl\/wp-content\/uploads\/2026\/02\/586914162_1391973159595890_8601440040788455644_n-1536x1152.jpg 1536w, https:\/\/psutw.piekary.pl\/wp-content\/uploads\/2026\/02\/586914162_1391973159595890_8601440040788455644_n-660x495.jpg 660w, https:\/\/psutw.piekary.pl\/wp-content\/uploads\/2026\/02\/586914162_1391973159595890_8601440040788455644_n.jpg 2000w\" sizes=\"auto, (max-width: 1024px) 100vw, 1024px\" \/><\/figure>\n\n\n\n<figure class=\"wp-block-image size-large\"><img loading=\"lazy\" decoding=\"async\" width=\"768\" height=\"1024\" data-id=\"90\" src=\"https:\/\/psutw.piekary.pl\/wp-content\/uploads\/2026\/02\/585287890_1391973149595891_5678738820886272578_n-768x1024.jpg\" alt=\"\" class=\"wp-image-90\" srcset=\"https:\/\/psutw.piekary.pl\/wp-content\/uploads\/2026\/02\/585287890_1391973149595891_5678738820886272578_n-768x1024.jpg 768w, https:\/\/psutw.piekary.pl\/wp-content\/uploads\/2026\/02\/585287890_1391973149595891_5678738820886272578_n-225x300.jpg 225w, https:\/\/psutw.piekary.pl\/wp-content\/uploads\/2026\/02\/585287890_1391973149595891_5678738820886272578_n-1152x1536.jpg 1152w, https:\/\/psutw.piekary.pl\/wp-content\/uploads\/2026\/02\/585287890_1391973149595891_5678738820886272578_n-660x880.jpg 660w, https:\/\/psutw.piekary.pl\/wp-content\/uploads\/2026\/02\/585287890_1391973149595891_5678738820886272578_n.jpg 1200w\" sizes=\"auto, (max-width: 768px) 100vw, 768px\" \/><\/figure>\n<\/figure>\n","protected":false},"excerpt":{"rendered":"<p>Dnia 21 listopada br. w Urz\u0119dzie Wojew\u00f3dzkim w Katowicach odby\u0142o si\u0119 posiedzenie sprawozdawczo wyborcze \u015al\u0105skiej Delegatury Obywatelskiego Parlamentu Senior\u00f3w na lata 2025 \u2013 2028, w kt\u00f3rym uczestniczy\u0142am. Swoj\u0105 obecno\u015bci\u0105 zaszczycili nas wicewojewoda Adam Zaczkowski, II wojewoda Micha\u0142 Kopa\u0144ski, wiceprezes Sejmiku Woj. Alina Bednarz, pe\u0142nomocnik ds. Polityki Senioralnej Anna Ja\u015bkowska, asystent pose\u0142 Ewy Ko\u0142odziej Aleksander Piwowarski\u2026 <span class=\"read-more\"><a href=\"https:\/\/psutw.piekary.pl\/index.php\/2025\/11\/22\/posiedzenie-sprawozdawczo-wyborcze\/\">Dowiedz si\u0119 wi\u0119cej &raquo;<\/a><\/span><\/p>\n","protected":false},"author":1,"featured_media":0,"comment_status":"closed","ping_status":"closed","sticky":false,"template":"","format":"standard","meta":{"footnotes":""},"categories":[3],"tags":[],"class_list":["post-86","post","type-post","status-publish","format-standard","hentry","category-aktualnosci"],"_links":{"self":[{"href":"https:\/\/psutw.piekary.pl\/index.php\/wp-json\/wp\/v2\/posts\/86","targetHints":{"allow":["GET"]}}],"collection":[{"href":"https:\/\/psutw.piekary.pl\/index.php\/wp-json\/wp\/v2\/posts"}],"about":[{"href":"https:\/\/psutw.piekary.pl\/index.php\/wp-json\/wp\/v2\/types\/post"}],"author":[{"embeddable":true,"href":"https:\/\/psutw.piekary.pl\/index.php\/wp-json\/wp\/v2\/users\/1"}],"replies":[{"embeddable":true,"href":"https:\/\/psutw.piekary.pl\/index.php\/wp-json\/wp\/v2\/comments?post=86"}],"version-history":[{"count":1,"href":"https:\/\/psutw.piekary.pl\/index.php\/wp-json\/wp\/v2\/posts\/86\/revisions"}],"predecessor-version":[{"id":91,"href":"https:\/\/psutw.piekary.pl\/index.php\/wp-json\/wp\/v2\/posts\/86\/revisions\/91"}],"wp:attachment":[{"href":"https:\/\/psutw.piekary.pl\/index.php\/wp-json\/wp\/v2\/media?parent=86"}],"wp:term":[{"taxonomy":"category","embeddable":true,"href":"https:\/\/psutw.piekary.pl\/index.php\/wp-json\/wp\/v2\/categories?post=86"},{"taxonomy":"post_tag","embeddable":true,"href":"https:\/\/psutw.piekary.pl\/index.php\/wp-json\/wp\/v2\/tags?post=86"}],"curies":[{"name":"wp","href":"https:\/\/api.w.org\/{rel}","templated":true}]}}