{"id":167,"date":"2026-02-20T18:39:00","date_gmt":"2026-02-20T17:39:00","guid":{"rendered":"https:\/\/psutw.piekary.pl\/?p=167"},"modified":"2026-04-21T10:44:59","modified_gmt":"2026-04-21T08:44:59","slug":"hawierzow-w-czechach","status":"publish","type":"post","link":"https:\/\/psutw.piekary.pl\/index.php\/2026\/02\/20\/hawierzow-w-czechach\/","title":{"rendered":"Hawierz\u00f3w w Czechach"},"content":{"rendered":"\n<p>Od 1-7.02.2026 12-cie s\u0142uchaczek PS UTW w ramach projektu Erasmus+ wyjecha\u0142a do miejscowo\u015bci Hawierz\u00f3w w Czechach.<\/p>\n\n\n\n<p>Ten wyjazd mia\u0142 na celu zwi\u0119kszenie kompetencji kluczowych s\u0142uchaczy , a w wolnym czasie pozwoli\u0142 na aktywne sp\u0119dzenie czasu, poznanie nowej kultury oraz nawi\u0105zanie mi\u0119dzynarodowych relacji.<\/p>\n\n\n\n<p>Po zaj\u0119ciach s\u0142uchaczki mia\u0142y czas na zwiedzanie miasta Hawierz\u00f3w oraz miasta Ostrawa.<\/p>\n\n\n\n<p>Odby\u0142y si\u0119 r\u00f3wnie\u017c wizyty w radio Ostrava i w Starym Teatrze Arena.<\/p>\n\n\n\n<figure class=\"wp-block-gallery has-nested-images columns-default is-cropped wp-block-gallery-1 is-layout-flex wp-block-gallery-is-layout-flex\">\n<figure class=\"wp-block-image size-large\"><img loading=\"lazy\" decoding=\"async\" width=\"1024\" height=\"768\" data-id=\"168\" src=\"https:\/\/psutw.piekary.pl\/wp-content\/uploads\/2026\/03\/647547748_1484897746970097_4608778860660019346_n-1024x768.jpg\" alt=\"\" class=\"wp-image-168\" srcset=\"https:\/\/psutw.piekary.pl\/wp-content\/uploads\/2026\/03\/647547748_1484897746970097_4608778860660019346_n-1024x768.jpg 1024w, https:\/\/psutw.piekary.pl\/wp-content\/uploads\/2026\/03\/647547748_1484897746970097_4608778860660019346_n-300x225.jpg 300w, https:\/\/psutw.piekary.pl\/wp-content\/uploads\/2026\/03\/647547748_1484897746970097_4608778860660019346_n-768x576.jpg 768w, https:\/\/psutw.piekary.pl\/wp-content\/uploads\/2026\/03\/647547748_1484897746970097_4608778860660019346_n-1536x1152.jpg 1536w, https:\/\/psutw.piekary.pl\/wp-content\/uploads\/2026\/03\/647547748_1484897746970097_4608778860660019346_n-660x495.jpg 660w, https:\/\/psutw.piekary.pl\/wp-content\/uploads\/2026\/03\/647547748_1484897746970097_4608778860660019346_n.jpg 1600w\" sizes=\"auto, (max-width: 1024px) 100vw, 1024px\" \/><\/figure>\n\n\n\n<figure class=\"wp-block-image size-large\"><img loading=\"lazy\" decoding=\"async\" width=\"1024\" height=\"768\" data-id=\"169\" src=\"https:\/\/psutw.piekary.pl\/wp-content\/uploads\/2026\/03\/649767519_1484897683636770_6735782629862519875_n-1024x768.jpg\" alt=\"\" class=\"wp-image-169\" srcset=\"https:\/\/psutw.piekary.pl\/wp-content\/uploads\/2026\/03\/649767519_1484897683636770_6735782629862519875_n-1024x768.jpg 1024w, https:\/\/psutw.piekary.pl\/wp-content\/uploads\/2026\/03\/649767519_1484897683636770_6735782629862519875_n-300x225.jpg 300w, https:\/\/psutw.piekary.pl\/wp-content\/uploads\/2026\/03\/649767519_1484897683636770_6735782629862519875_n-768x576.jpg 768w, https:\/\/psutw.piekary.pl\/wp-content\/uploads\/2026\/03\/649767519_1484897683636770_6735782629862519875_n-1536x1152.jpg 1536w, https:\/\/psutw.piekary.pl\/wp-content\/uploads\/2026\/03\/649767519_1484897683636770_6735782629862519875_n-660x495.jpg 660w, https:\/\/psutw.piekary.pl\/wp-content\/uploads\/2026\/03\/649767519_1484897683636770_6735782629862519875_n.jpg 1600w\" sizes=\"auto, (max-width: 1024px) 100vw, 1024px\" \/><\/figure>\n\n\n\n<figure class=\"wp-block-image size-large\"><img loading=\"lazy\" decoding=\"async\" width=\"1024\" height=\"576\" data-id=\"170\" src=\"https:\/\/psutw.piekary.pl\/wp-content\/uploads\/2026\/03\/648681759_1484897630303442_329959168762341552_n-1024x576.jpg\" alt=\"\" class=\"wp-image-170\" srcset=\"https:\/\/psutw.piekary.pl\/wp-content\/uploads\/2026\/03\/648681759_1484897630303442_329959168762341552_n-1024x576.jpg 1024w, https:\/\/psutw.piekary.pl\/wp-content\/uploads\/2026\/03\/648681759_1484897630303442_329959168762341552_n-300x169.jpg 300w, https:\/\/psutw.piekary.pl\/wp-content\/uploads\/2026\/03\/648681759_1484897630303442_329959168762341552_n-768x432.jpg 768w, https:\/\/psutw.piekary.pl\/wp-content\/uploads\/2026\/03\/648681759_1484897630303442_329959168762341552_n-1536x864.jpg 1536w, https:\/\/psutw.piekary.pl\/wp-content\/uploads\/2026\/03\/648681759_1484897630303442_329959168762341552_n-660x371.jpg 660w, https:\/\/psutw.piekary.pl\/wp-content\/uploads\/2026\/03\/648681759_1484897630303442_329959168762341552_n.jpg 1600w\" sizes=\"auto, (max-width: 1024px) 100vw, 1024px\" \/><\/figure>\n\n\n\n<figure class=\"wp-block-image size-large\"><img loading=\"lazy\" decoding=\"async\" width=\"1024\" height=\"768\" data-id=\"172\" src=\"https:\/\/psutw.piekary.pl\/wp-content\/uploads\/2026\/03\/648956046_1484897576970114_9026757888679782399_n-1024x768.jpg\" alt=\"\" class=\"wp-image-172\" srcset=\"https:\/\/psutw.piekary.pl\/wp-content\/uploads\/2026\/03\/648956046_1484897576970114_9026757888679782399_n-1024x768.jpg 1024w, https:\/\/psutw.piekary.pl\/wp-content\/uploads\/2026\/03\/648956046_1484897576970114_9026757888679782399_n-300x225.jpg 300w, https:\/\/psutw.piekary.pl\/wp-content\/uploads\/2026\/03\/648956046_1484897576970114_9026757888679782399_n-768x576.jpg 768w, https:\/\/psutw.piekary.pl\/wp-content\/uploads\/2026\/03\/648956046_1484897576970114_9026757888679782399_n-1536x1152.jpg 1536w, https:\/\/psutw.piekary.pl\/wp-content\/uploads\/2026\/03\/648956046_1484897576970114_9026757888679782399_n-660x495.jpg 660w, https:\/\/psutw.piekary.pl\/wp-content\/uploads\/2026\/03\/648956046_1484897576970114_9026757888679782399_n.jpg 1600w\" sizes=\"auto, (max-width: 1024px) 100vw, 1024px\" \/><\/figure>\n\n\n\n<figure class=\"wp-block-image size-large\"><img loading=\"lazy\" decoding=\"async\" width=\"1024\" height=\"768\" data-id=\"171\" src=\"https:\/\/psutw.piekary.pl\/wp-content\/uploads\/2026\/03\/649624718_1484897493636789_250440163677019605_n-1024x768.jpg\" alt=\"\" class=\"wp-image-171\" srcset=\"https:\/\/psutw.piekary.pl\/wp-content\/uploads\/2026\/03\/649624718_1484897493636789_250440163677019605_n-1024x768.jpg 1024w, https:\/\/psutw.piekary.pl\/wp-content\/uploads\/2026\/03\/649624718_1484897493636789_250440163677019605_n-300x225.jpg 300w, https:\/\/psutw.piekary.pl\/wp-content\/uploads\/2026\/03\/649624718_1484897493636789_250440163677019605_n-768x576.jpg 768w, https:\/\/psutw.piekary.pl\/wp-content\/uploads\/2026\/03\/649624718_1484897493636789_250440163677019605_n-1536x1152.jpg 1536w, https:\/\/psutw.piekary.pl\/wp-content\/uploads\/2026\/03\/649624718_1484897493636789_250440163677019605_n-660x495.jpg 660w, https:\/\/psutw.piekary.pl\/wp-content\/uploads\/2026\/03\/649624718_1484897493636789_250440163677019605_n.jpg 1600w\" sizes=\"auto, (max-width: 1024px) 100vw, 1024px\" \/><\/figure>\n<\/figure>\n","protected":false},"excerpt":{"rendered":"<p>Od 1-7.02.2026 12-cie s\u0142uchaczek PS UTW w ramach projektu Erasmus+ wyjecha\u0142a do miejscowo\u015bci Hawierz\u00f3w w Czechach. Ten wyjazd mia\u0142 na celu zwi\u0119kszenie kompetencji kluczowych s\u0142uchaczy , a w wolnym czasie pozwoli\u0142 na aktywne sp\u0119dzenie czasu, poznanie nowej kultury oraz nawi\u0105zanie mi\u0119dzynarodowych relacji. Po zaj\u0119ciach s\u0142uchaczki mia\u0142y czas na zwiedzanie miasta Hawierz\u00f3w oraz miasta Ostrawa. Odby\u0142y\u2026 <span class=\"read-more\"><a href=\"https:\/\/psutw.piekary.pl\/index.php\/2026\/02\/20\/hawierzow-w-czechach\/\">Dowiedz si\u0119 wi\u0119cej &raquo;<\/a><\/span><\/p>\n","protected":false},"author":1,"featured_media":0,"comment_status":"closed","ping_status":"closed","sticky":false,"template":"","format":"standard","meta":{"footnotes":""},"categories":[3,4],"tags":[],"class_list":["post-167","post","type-post","status-publish","format-standard","hentry","category-aktualnosci","category-erasmus"],"_links":{"self":[{"href":"https:\/\/psutw.piekary.pl\/index.php\/wp-json\/wp\/v2\/posts\/167","targetHints":{"allow":["GET"]}}],"collection":[{"href":"https:\/\/psutw.piekary.pl\/index.php\/wp-json\/wp\/v2\/posts"}],"about":[{"href":"https:\/\/psutw.piekary.pl\/index.php\/wp-json\/wp\/v2\/types\/post"}],"author":[{"embeddable":true,"href":"https:\/\/psutw.piekary.pl\/index.php\/wp-json\/wp\/v2\/users\/1"}],"replies":[{"embeddable":true,"href":"https:\/\/psutw.piekary.pl\/index.php\/wp-json\/wp\/v2\/comments?post=167"}],"version-history":[{"count":5,"href":"https:\/\/psutw.piekary.pl\/index.php\/wp-json\/wp\/v2\/posts\/167\/revisions"}],"predecessor-version":[{"id":223,"href":"https:\/\/psutw.piekary.pl\/index.php\/wp-json\/wp\/v2\/posts\/167\/revisions\/223"}],"wp:attachment":[{"href":"https:\/\/psutw.piekary.pl\/index.php\/wp-json\/wp\/v2\/media?parent=167"}],"wp:term":[{"taxonomy":"category","embeddable":true,"href":"https:\/\/psutw.piekary.pl\/index.php\/wp-json\/wp\/v2\/categories?post=167"},{"taxonomy":"post_tag","embeddable":true,"href":"https:\/\/psutw.piekary.pl\/index.php\/wp-json\/wp\/v2\/tags?post=167"}],"curies":[{"name":"wp","href":"https:\/\/api.w.org\/{rel}","templated":true}]}}