{"id":161,"date":"2026-03-23T18:36:00","date_gmt":"2026-03-23T17:36:00","guid":{"rendered":"https:\/\/psutw.piekary.pl\/?p=161"},"modified":"2026-03-24T18:36:59","modified_gmt":"2026-03-24T17:36:59","slug":"komunikat","status":"publish","type":"post","link":"https:\/\/psutw.piekary.pl\/index.php\/2026\/03\/23\/komunikat\/","title":{"rendered":"Komunikat"},"content":{"rendered":"\n<p>Dnia 26 marca br. o godz. 16-tej w Zespole Szk\u00f3\u0142 Specjalnych w Piekarach \u015al\u0105skich odb\u0119dzie si\u0119 wyk\u0142ad pod tytu\u0142em \u201eABC prawa Seniora \u2013 panel dyskusyjny\u201d, kt\u00f3ry przygotowa\u0142a Pani Martyna Kapkowska \u2013 mgr prawa. Prosz\u0119 przygotowa\u0107 si\u0119 do dyskusji poprzez zadawanie pyta\u0144.<\/p>\n","protected":false},"excerpt":{"rendered":"<p>Dnia 26 marca br. o godz. 16-tej w Zespole Szk\u00f3\u0142 Specjalnych w Piekarach \u015al\u0105skich odb\u0119dzie si\u0119 wyk\u0142ad pod tytu\u0142em \u201eABC prawa Seniora \u2013 panel dyskusyjny\u201d, kt\u00f3ry przygotowa\u0142a Pani Martyna Kapkowska \u2013 mgr prawa. Prosz\u0119 przygotowa\u0107 si\u0119 do dyskusji poprzez zadawanie pyta\u0144.<\/p>\n","protected":false},"author":1,"featured_media":0,"comment_status":"closed","ping_status":"closed","sticky":false,"template":"","format":"standard","meta":{"footnotes":""},"categories":[3],"tags":[],"class_list":["post-161","post","type-post","status-publish","format-standard","hentry","category-aktualnosci"],"_links":{"self":[{"href":"https:\/\/psutw.piekary.pl\/index.php\/wp-json\/wp\/v2\/posts\/161","targetHints":{"allow":["GET"]}}],"collection":[{"href":"https:\/\/psutw.piekary.pl\/index.php\/wp-json\/wp\/v2\/posts"}],"about":[{"href":"https:\/\/psutw.piekary.pl\/index.php\/wp-json\/wp\/v2\/types\/post"}],"author":[{"embeddable":true,"href":"https:\/\/psutw.piekary.pl\/index.php\/wp-json\/wp\/v2\/users\/1"}],"replies":[{"embeddable":true,"href":"https:\/\/psutw.piekary.pl\/index.php\/wp-json\/wp\/v2\/comments?post=161"}],"version-history":[{"count":1,"href":"https:\/\/psutw.piekary.pl\/index.php\/wp-json\/wp\/v2\/posts\/161\/revisions"}],"predecessor-version":[{"id":162,"href":"https:\/\/psutw.piekary.pl\/index.php\/wp-json\/wp\/v2\/posts\/161\/revisions\/162"}],"wp:attachment":[{"href":"https:\/\/psutw.piekary.pl\/index.php\/wp-json\/wp\/v2\/media?parent=161"}],"wp:term":[{"taxonomy":"category","embeddable":true,"href":"https:\/\/psutw.piekary.pl\/index.php\/wp-json\/wp\/v2\/categories?post=161"},{"taxonomy":"post_tag","embeddable":true,"href":"https:\/\/psutw.piekary.pl\/index.php\/wp-json\/wp\/v2\/tags?post=161"}],"curies":[{"name":"wp","href":"https:\/\/api.w.org\/{rel}","templated":true}]}}