{"id":145,"date":"2026-02-19T18:32:00","date_gmt":"2026-02-19T17:32:00","guid":{"rendered":"https:\/\/psutw.piekary.pl\/?p=145"},"modified":"2026-03-24T18:32:58","modified_gmt":"2026-03-24T17:32:58","slug":"mediacje-jako-alternatywny-sposob-rozwiazywania-sporow","status":"publish","type":"post","link":"https:\/\/psutw.piekary.pl\/index.php\/2026\/02\/19\/mediacje-jako-alternatywny-sposob-rozwiazywania-sporow\/","title":{"rendered":"Mediacje jako alternatywny spos\u00f3b rozwi\u0105zywania spor\u00f3w"},"content":{"rendered":"\n<p>Dnia 26.02.2026r. tj. czwartek o godz, 16-ta w auli Zespo\u0142u Szk\u00f3\u0142 Spec. w Piekarach \u015al. odb\u0119dzie si\u0119 wyk\u0142ad pt. \u201eMediacje jako alternatywny spos\u00f3b rozwi\u0105zywania spor\u00f3w &#8211; spojrzenie na problem konflikt\u00f3w oczami praktyka\/mediatora.\u201d Wyk\u0142ad poprowadzi Pan Piotr Gierek &#8211; dr nauk spo\u0142ecznych, pracownik naukowo-badawczy, cz\u0142onek Rady Konsultacyjnej Centrum Mediacji przy Uniwersytecie Ignatianum w Krakowie.<\/p>\n","protected":false},"excerpt":{"rendered":"<p>Dnia 26.02.2026r. tj. czwartek o godz, 16-ta w auli Zespo\u0142u Szk\u00f3\u0142 Spec. w Piekarach \u015al. odb\u0119dzie si\u0119 wyk\u0142ad pt. \u201eMediacje jako alternatywny spos\u00f3b rozwi\u0105zywania spor\u00f3w &#8211; spojrzenie na problem konflikt\u00f3w oczami praktyka\/mediatora.\u201d Wyk\u0142ad poprowadzi Pan Piotr Gierek &#8211; dr nauk spo\u0142ecznych, pracownik naukowo-badawczy, cz\u0142onek Rady Konsultacyjnej Centrum Mediacji przy Uniwersytecie Ignatianum w Krakowie.<\/p>\n","protected":false},"author":1,"featured_media":0,"comment_status":"closed","ping_status":"closed","sticky":false,"template":"","format":"standard","meta":{"footnotes":""},"categories":[3],"tags":[],"class_list":["post-145","post","type-post","status-publish","format-standard","hentry","category-aktualnosci"],"_links":{"self":[{"href":"https:\/\/psutw.piekary.pl\/index.php\/wp-json\/wp\/v2\/posts\/145","targetHints":{"allow":["GET"]}}],"collection":[{"href":"https:\/\/psutw.piekary.pl\/index.php\/wp-json\/wp\/v2\/posts"}],"about":[{"href":"https:\/\/psutw.piekary.pl\/index.php\/wp-json\/wp\/v2\/types\/post"}],"author":[{"embeddable":true,"href":"https:\/\/psutw.piekary.pl\/index.php\/wp-json\/wp\/v2\/users\/1"}],"replies":[{"embeddable":true,"href":"https:\/\/psutw.piekary.pl\/index.php\/wp-json\/wp\/v2\/comments?post=145"}],"version-history":[{"count":1,"href":"https:\/\/psutw.piekary.pl\/index.php\/wp-json\/wp\/v2\/posts\/145\/revisions"}],"predecessor-version":[{"id":146,"href":"https:\/\/psutw.piekary.pl\/index.php\/wp-json\/wp\/v2\/posts\/145\/revisions\/146"}],"wp:attachment":[{"href":"https:\/\/psutw.piekary.pl\/index.php\/wp-json\/wp\/v2\/media?parent=145"}],"wp:term":[{"taxonomy":"category","embeddable":true,"href":"https:\/\/psutw.piekary.pl\/index.php\/wp-json\/wp\/v2\/categories?post=145"},{"taxonomy":"post_tag","embeddable":true,"href":"https:\/\/psutw.piekary.pl\/index.php\/wp-json\/wp\/v2\/tags?post=145"}],"curies":[{"name":"wp","href":"https:\/\/api.w.org\/{rel}","templated":true}]}}