{"id":138,"date":"2026-02-18T17:02:42","date_gmt":"2026-02-18T16:02:42","guid":{"rendered":"https:\/\/psutw.piekary.pl\/?p=138"},"modified":"2026-02-18T17:02:42","modified_gmt":"2026-02-18T16:02:42","slug":"pilny-komunikat","status":"publish","type":"post","link":"https:\/\/psutw.piekary.pl\/index.php\/2026\/02\/18\/pilny-komunikat\/","title":{"rendered":"Pilny komunikat!"},"content":{"rendered":"\n<p>Na scenie Opery \u015al\u0105skiej ponownie zabrzmi \u201eLuiza Miller. Intryga i mi\u0142o\u015b\u0107\u201d Giuseppe Verdiego \u2013 dramat o uczuciu, kt\u00f3re nie zna granic, lecz musi zmierzy\u0107 si\u0119 z konwenansami, intryg\u0105 i zdrad\u0105.<\/p>\n\n\n\n<p>Oparta na dramacie Friedricha Schillera historia Luizy i Rudolfa to opowie\u015b\u0107 o mi\u0142o\u015bci wystawionej na pr\u00f3b\u0119, o ludzkich emocjach i o sile, kt\u00f3ra potrafi przetrwa\u0107 wszystko \u2013 nawet tragedi\u0119.<\/p>\n\n\n\n<p><img loading=\"lazy\" decoding=\"async\" height=\"16\" width=\"16\" alt=\"\ud83c\udfb6\" src=\"https:\/\/static.xx.fbcdn.net\/images\/emoji.php\/v9\/t1f\/1\/16\/1f3b6.png\"> W roli Luizy zobaczymy Cristin\u0119 Gianelli i Ann\u0119 Wi\u015bniewsk\u0105-Schopp\u0119, Rudolfa za\u015b wykonaj\u0105 \u0141ukasz Za\u0142\u0119ski i Sang-Jun Lee. Na scenie wyst\u0105pi\u0105 r\u00f3wnie\u017c Stanislav Kuflyuk, Adam Wo\u017aniak, Aleksander Teliga, Grzegorz Szostak, Anna Borucka i Natalia Tepla.<\/p>\n\n\n\n<p>Orkiestr\u0119 i ch\u00f3r Opery \u015al\u0105skiej poprowadzi w\u0142oski dyrygent Marco Guidarini.<\/p>\n\n\n\n<p><img loading=\"lazy\" decoding=\"async\" height=\"16\" width=\"16\" alt=\"\ud83c\udfad\" src=\"https:\/\/static.xx.fbcdn.net\/images\/emoji.php\/v9\/tae\/1\/16\/1f3ad.png\"> To w\u0142a\u015bnie Opera \u015al\u0105ska jako pierwsza w Polsce wystawi\u0142a sceniczn\u0105 wersj\u0119 \u201eLuizy Miller\u201d (2024), wsp\u00f3\u0142tworzon\u0105 z Oper\u0105 Grand Avignon, Oper\u0105 de Tours i Teatro di Como, co gwarantuje najwy\u017cszy poziom artystyczny i niezapomniane wra\u017cenia. Spektakl zdoby\u0142 uznanie publiczno\u015bci i krytyk\u00f3w. Odb\u0119dzie si\u0119 w dniach: 20.02,21.02 i 23.02 o g. 18:00 Cena biletu 50 z\u0142.<\/p>\n\n\n\n<p>Zainteresowanych prosz\u0119 o szybk\u0105 odpowied\u017a do 19 lutego godz. 10:30<\/p>\n\n\n\n<figure class=\"wp-block-image size-large\"><img loading=\"lazy\" decoding=\"async\" width=\"1024\" height=\"768\" src=\"https:\/\/psutw.piekary.pl\/wp-content\/uploads\/2026\/02\/635137200_1467390238720848_2896670714098641848_n-1024x768.jpg\" alt=\"\" class=\"wp-image-139\" srcset=\"https:\/\/psutw.piekary.pl\/wp-content\/uploads\/2026\/02\/635137200_1467390238720848_2896670714098641848_n-1024x768.jpg 1024w, https:\/\/psutw.piekary.pl\/wp-content\/uploads\/2026\/02\/635137200_1467390238720848_2896670714098641848_n-300x225.jpg 300w, https:\/\/psutw.piekary.pl\/wp-content\/uploads\/2026\/02\/635137200_1467390238720848_2896670714098641848_n-768x576.jpg 768w, https:\/\/psutw.piekary.pl\/wp-content\/uploads\/2026\/02\/635137200_1467390238720848_2896670714098641848_n-660x495.jpg 660w, https:\/\/psutw.piekary.pl\/wp-content\/uploads\/2026\/02\/635137200_1467390238720848_2896670714098641848_n.jpg 1200w\" sizes=\"auto, (max-width: 1024px) 100vw, 1024px\" \/><\/figure>\n","protected":false},"excerpt":{"rendered":"<p>Na scenie Opery \u015al\u0105skiej ponownie zabrzmi \u201eLuiza Miller. Intryga i mi\u0142o\u015b\u0107\u201d Giuseppe Verdiego \u2013 dramat o uczuciu, kt\u00f3re nie zna granic, lecz musi zmierzy\u0107 si\u0119 z konwenansami, intryg\u0105 i zdrad\u0105. Oparta na dramacie Friedricha Schillera historia Luizy i Rudolfa to opowie\u015b\u0107 o mi\u0142o\u015bci wystawionej na pr\u00f3b\u0119, o ludzkich emocjach i o sile, kt\u00f3ra potrafi przetrwa\u0107\u2026 <span class=\"read-more\"><a href=\"https:\/\/psutw.piekary.pl\/index.php\/2026\/02\/18\/pilny-komunikat\/\">Dowiedz si\u0119 wi\u0119cej &raquo;<\/a><\/span><\/p>\n","protected":false},"author":1,"featured_media":0,"comment_status":"closed","ping_status":"closed","sticky":false,"template":"","format":"standard","meta":{"footnotes":""},"categories":[3],"tags":[],"class_list":["post-138","post","type-post","status-publish","format-standard","hentry","category-aktualnosci"],"_links":{"self":[{"href":"https:\/\/psutw.piekary.pl\/index.php\/wp-json\/wp\/v2\/posts\/138","targetHints":{"allow":["GET"]}}],"collection":[{"href":"https:\/\/psutw.piekary.pl\/index.php\/wp-json\/wp\/v2\/posts"}],"about":[{"href":"https:\/\/psutw.piekary.pl\/index.php\/wp-json\/wp\/v2\/types\/post"}],"author":[{"embeddable":true,"href":"https:\/\/psutw.piekary.pl\/index.php\/wp-json\/wp\/v2\/users\/1"}],"replies":[{"embeddable":true,"href":"https:\/\/psutw.piekary.pl\/index.php\/wp-json\/wp\/v2\/comments?post=138"}],"version-history":[{"count":1,"href":"https:\/\/psutw.piekary.pl\/index.php\/wp-json\/wp\/v2\/posts\/138\/revisions"}],"predecessor-version":[{"id":140,"href":"https:\/\/psutw.piekary.pl\/index.php\/wp-json\/wp\/v2\/posts\/138\/revisions\/140"}],"wp:attachment":[{"href":"https:\/\/psutw.piekary.pl\/index.php\/wp-json\/wp\/v2\/media?parent=138"}],"wp:term":[{"taxonomy":"category","embeddable":true,"href":"https:\/\/psutw.piekary.pl\/index.php\/wp-json\/wp\/v2\/categories?post=138"},{"taxonomy":"post_tag","embeddable":true,"href":"https:\/\/psutw.piekary.pl\/index.php\/wp-json\/wp\/v2\/tags?post=138"}],"curies":[{"name":"wp","href":"https:\/\/api.w.org\/{rel}","templated":true}]}}